{"id":91,"date":"2019-10-24T08:43:39","date_gmt":"2019-10-24T06:43:39","guid":{"rendered":"http:\/\/konkurs-komorow.sarp.warszawa.pl\/?p=91"},"modified":"2020-03-20T13:26:46","modified_gmt":"2020-03-20T12:26:46","slug":"91","status":"publish","type":"post","link":"https:\/\/konkurs-komorow.sarp.warszawa.pl\/index.php\/2019\/10\/24\/91\/","title":{"rendered":""},"content":{"rendered":"\n<p><strong>19.03.2020r.<\/strong><br>Opublikowano informacj\u0119 o wynikach rozstrzygni\u0119cia konkursu realizacyjnego na koncepcj\u0119 Centrum Inicjatyw Kulturalnych w Komorowie.<br>Gratulujemy autorom nagrodzonych i wyr\u00f3\u017cnionych prac.<br>Dzi\u0119kujemy wszystkim Uczestnikom za z\u0142o\u017cenie prac konkursowych.<br><a href=\"http:\/\/konkurs-komorow.sarp.warszawa.pl\/wp-content\/uploads\/2020\/03\/Informacja_o_wynikach_rozstrzygni\u0119cia_Konkurs_CIK_Komor\u00f3w.pdf\">Informacja o wynikach rozstrzygni\u0119cia Konkurs CIK Komor\u00f3w<\/a><\/p>\n\n\n\n<p><strong>13.03.2020r.<\/strong><br>W zwi\u0105zku z rozprzestrzenianiem si\u0119 wirusa SARS-COV-2 i pojawieniem si\u0119 kolejnych przypadk\u00f3w choroby zaka\u017anej COVID-19 i og\u0142oszonym stanem zagro\u017cenia epidemiologicznym Organizator konkursu rezygnuje z oficjalnego, publicznego og\u0142oszenia wynik\u00f3w konkursu zaplanowanego na dzie\u0144 19.03.2020r.   <br>S\u0105d konkursowy po wyborze nagr\u00f3d i wyr\u00f3\u017cnie\u0144 oraz zatwierdzeniu tych wybor\u00f3w przez Kierownika Zamawiaj\u0105cego odtajni prace konkursowe, co zostanie odnotowane w protokole oraz poinformuje wszystkich Uczestnik\u00f3w konkursu o wynikach rozstrzygni\u0119cia za pomoc\u0105 poczty elektronicznej w dniu 19.03.2020r. Informacje te zostan\u0105 tak\u017ce zamieszone na stronie internetowej konkursu (<a href=\"https:\/\/konkurs-komorow.sarp.warszawa.pl\/\" target=\"_blank\" rel=\"noreferrer noopener\">https:\/\/konkurs-komorow.sarp.warszawa.pl<\/a>) oraz na stronie internetowej Organizatora.   <br>Na dzie\u0144 dzisiejszy trudno jest okre\u015bli\u0107 termin wystawy pokonkursowej oraz dyskusji pokonkursowej. O dacie tych wydarze\u0144 Organizator poinformuje wszystkich Uczestnik\u00f3w w terminie p\u00f3\u017aniejszym. <\/p>\n\n\n\n<p><strong>21.02.2020r.<\/strong> <br>Opublikowano odpowiedzi na pytania (Wyja\u015bnienie 5) tre\u015bci Regulaminu konkursu. <br><a aria-label=\" (otwiera si\u0119 na nowej zak\u0142adce)\" href=\"http:\/\/konkurs-komorow.sarp.warszawa.pl\/wp-content\/uploads\/2020\/02\/Wyjasnienia-5_tresci_Regualminu_Konkurs_CIK_Komor\u00f3w.pdf\" target=\"_blank\" rel=\"noreferrer noopener\">Wyja\u015bnienie 5 tre\u015bci Regulaminu Konkursu CIK Komor\u00f3w<\/a><\/p>\n\n\n\n<p><strong>13.02.2020r.<\/strong><br>Opublikowano odpowiedzi na pytania (Wyja\u015bnienie 4) tre\u015bci Regulaminu konkursu.<br><a aria-label=\"Wyja\u015bnienie 4 tre\u015bci Regulaminu Konkursu CIK Komor\u00f3w (otwiera si\u0119 na nowej zak\u0142adce)\" href=\"http:\/\/konkurs-komorow.sarp.warszawa.pl\/wp-content\/uploads\/2020\/02\/Wyjasnienia-4_tresci_Regualminu_Konkurs_CIK_Komor\u00f3w.pdf\" target=\"_blank\" rel=\"noreferrer noopener\">Wyja\u015bnienie 4 tre\u015bci Regulaminu Konkursu CIK Komor\u00f3w<\/a><\/p>\n\n\n\n<p><strong>07.02.2020r.<\/strong> <br>Opublikowano odpowiedzi na pytania (Wyja\u015bnienie 3 tre\u015bci Regulaminu konkursu). <br><a aria-label=\"Wyja\u015bnienie 3 tre\u015bci Regulaminu Konkursu CIK Komor\u00f3w (otwiera si\u0119 na nowej zak\u0142adce)\" href=\"http:\/\/konkurs-komorow.sarp.warszawa.pl\/wp-content\/uploads\/2020\/02\/Wyjasnienia-3_tresci_Regualminu_Konkurs_CIK_Komor\u00f3w.pdf\" target=\"_blank\" rel=\"noreferrer noopener\">Wyja\u015bnienie 3 tre\u015bci Regulaminu Konkursu CIK Komor\u00f3w<\/a><\/p>\n\n\n\n<p><strong>14.01.2020r.<\/strong><br>Opublikowano odpowiedzi na pytania (Wyja\u015bnienie 2 tre\u015bci Regulaminu konkursu).<br><a aria-label=\" (otwiera si\u0119 na nowej zak\u0142adce)\" href=\"http:\/\/konkurs-komorow.sarp.warszawa.pl\/wp-content\/uploads\/2020\/01\/Wyjasnienia-2_tresci_Regualminu_Konkurs_CIK_Komor\u00f3w.pdf\" target=\"_blank\" rel=\"noreferrer noopener\">Wyja\u015bnienia 2 tre\u015bci Regualminu Konkurs CIK Komor\u00f3w<\/a><\/p>\n\n\n\n<p><strong>14.01.2020r.<\/strong><br>Opublikowano za\u0142\u0105cznik nr 8h do regulaminu.<br><a aria-label=\"Zalacznik_do_Regulaminu_nr_8h_Tabela.xlsx (otwiera si\u0119 na nowej zak\u0142adce)\" href=\"http:\/\/konkurs-komorow.sarp.warszawa.pl\/wp-content\/uploads\/2020\/01\/Zalacznik_do_Regulaminu_nr_8h_Tabela.xlsx\" target=\"_blank\" rel=\"noreferrer noopener\">Za\u0142\u0105cznik do Regulaminu 8h Tabela<\/a><\/p>\n\n\n\n<p><strong>04.12.2019r.<\/strong><br><a aria-label=\" (otwiera si\u0119 na nowej zak\u0142adce)\" href=\"http:\/\/konkurs-komorow.sarp.warszawa.pl\/wp-content\/uploads\/2019\/12\/Informacja-o-wynikach-dopuszczenia-do-udzia\u0142u-w-konkursie-CIK-Komor\u00f3w.pdf\" target=\"_blank\" rel=\"noreferrer noopener\">Opublikowano informacj\u0119 o wynikach dopuszczenia do udzia\u0142u w konkursie<\/a><a aria-label=\"Zmiana_Tre\u015bci_Regulaminu_Konkursu_CIK_Komor\u00f3w_Terminy.pdf (otwiera si\u0119 na nowej zak\u0142adce)\" href=\"http:\/\/konkurs-komorow.sarp.warszawa.pl\/wp-content\/uploads\/2019\/12\/Zmiana_Tre\u015bci_Regulaminu_Konkursu_CIK_Komor\u00f3w_Terminy.pdf\" target=\"_blank\" rel=\"noreferrer noopener\">.<\/a><\/p>\n\n\n\n<p><strong>26.11.2019r.<br><\/strong>Organizator informuje , i\u017c w zwi\u0105zku z bardzo du\u017c\u0105 ilo\u015bci\u0105 wniosk\u00f3w o dopuszczenie do udzia\u0142u w konkursie (128 wniosk\u00f3w z\u0142o\u017conych w terminie) zmianie ulegaj\u0105 terminy konkursu zwi\u0105zane z przekazaniem Uczestnikom informacji o kwalifikacji do udzia\u0142u w konkursie na podstawie wniosk\u00f3w, termin sk\u0142adania prac konkursowych oraz termin oficjalnego, publicznego og\u0142oszenia wynik\u00f3w konkursu jak nast\u0119puje:<\/p>\n\n\n\n<p>&#8211; O wynikach kwalifikacji do udzia\u0142u w konkursie na podstawie wniosk\u00f3w o dopuszczenie Uczestnicy konkursu zostan\u0105 powiadomieni do dnia  04.12.2019 r.<br>&#8211; Prace konkursowe sk\u0142ada\u0107 nale\u017cy do dnia  02.03.2020r. do godz. 15.00.<br>&#8211; Oficjalne, publiczne og\u0142oszenie wynik\u00f3w konkursu odb\u0119dzie si\u0119 dnia  19.03.2020r.<br><a aria-label=\"http:\/\/konkurs-komorow.sarp.warszawa.pl\/wp-content\/uploads\/2019\/11\/Zmiana_Tre\u015bci_Regulaminu_Konkursu_CIK_Komor\u00f3w_Terminy.pdf (otwiera si\u0119 na nowej zak\u0142adce)\" href=\"http:\/\/konkurs-komorow.sarp.warszawa.pl\/wp-content\/uploads\/2019\/11\/Zmiana_Tre\u015bci_Regulaminu_Konkursu_CIK_Komor\u00f3w_Terminy.pdf\" target=\"_blank\" rel=\"noreferrer noopener\">Zmiana Tre\u015bci Regulaminu Konkursu CIK Komor\u00f3w Terminy<\/a><\/p>\n\n\n\n<p><strong>07.11.2019<\/strong><br><a aria-label=\"Opublikowano odpowiedzi na pytania o wyja\u015bnienia tre\u015bci Regulaminu konkursu dotycz\u0105ce sk\u0142adania wniosk\u00f3w o dopuszczenie. (otwiera si\u0119 na nowej zak\u0142adce)\" href=\"http:\/\/konkurs-komorow.sarp.warszawa.pl\/wp-content\/uploads\/2019\/11\/Wyjasnienia-1_tresci_Regualminu_Konkurs_CIK_Komor\u00f3w.pdf\" target=\"_blank\" rel=\"noreferrer noopener\">Opublikowano odpowiedzi na pytania o wyja\u015bnienia tre\u015bci Regulaminu konkursu dotycz\u0105ce sk\u0142adania wniosk\u00f3w o dopuszczenie.<\/a> <\/p>\n\n\n\n<p><strong>22.10.2019<\/strong><br><a href=\"http:\/\/konkurs-komorow.sarp.warszawa.pl\/wp-content\/uploads\/2019\/10\/2019-10-22-BZP-Og\u0142oszenie-o-KONKURSIE.pdf\" target=\"_blank\" rel=\"noreferrer noopener\">Og\u0142oszenie Konkursu CIK Komor\u00f3w Biuletyn Zam\u00f3wie\u0144 Publicznych<\/a><\/p>\n","protected":false},"excerpt":{"rendered":"<p>19.03.2020r.Opublikowano informacj\u0119 o wynikach rozstrzygni\u0119cia konkursu realizacyjnego na koncepcj\u0119 Centrum Inicjatyw Kulturalnych w Komorowie.Gratulujemy autorom nagrodzonych i wyr\u00f3\u017cnionych prac.Dzi\u0119kujemy wszystkim Uczestnikom za z\u0142o\u017cenie prac konkursowych.Informacja o wynikach rozstrzygni\u0119cia Konkurs CIK Komor\u00f3w 13.03.2020r.W zwi\u0105zku z rozprzestrzenianiem si\u0119 wirusa SARS-COV-2 i pojawieniem<span class=\"ellipsis\">&hellip;<\/span><\/p>\n<div class=\"read-more\"><a href=\"https:\/\/konkurs-komorow.sarp.warszawa.pl\/index.php\/2019\/10\/24\/91\/\">Czytaj wi\u0119cej <span class=\"screen-reader-text\"><\/span><span class=\"meta-nav\"> &#8250;<\/span><\/a><\/div>\n<p><!-- end of .read-more --><\/p>\n","protected":false},"author":1,"featured_media":0,"comment_status":"closed","ping_status":"closed","sticky":false,"template":"","format":"standard","meta":[],"categories":[1],"tags":[],"_links":{"self":[{"href":"https:\/\/konkurs-komorow.sarp.warszawa.pl\/index.php\/wp-json\/wp\/v2\/posts\/91"}],"collection":[{"href":"https:\/\/konkurs-komorow.sarp.warszawa.pl\/index.php\/wp-json\/wp\/v2\/posts"}],"about":[{"href":"https:\/\/konkurs-komorow.sarp.warszawa.pl\/index.php\/wp-json\/wp\/v2\/types\/post"}],"author":[{"embeddable":true,"href":"https:\/\/konkurs-komorow.sarp.warszawa.pl\/index.php\/wp-json\/wp\/v2\/users\/1"}],"replies":[{"embeddable":true,"href":"https:\/\/konkurs-komorow.sarp.warszawa.pl\/index.php\/wp-json\/wp\/v2\/comments?post=91"}],"version-history":[{"count":24,"href":"https:\/\/konkurs-komorow.sarp.warszawa.pl\/index.php\/wp-json\/wp\/v2\/posts\/91\/revisions"}],"predecessor-version":[{"id":240,"href":"https:\/\/konkurs-komorow.sarp.warszawa.pl\/index.php\/wp-json\/wp\/v2\/posts\/91\/revisions\/240"}],"wp:attachment":[{"href":"https:\/\/konkurs-komorow.sarp.warszawa.pl\/index.php\/wp-json\/wp\/v2\/media?parent=91"}],"wp:term":[{"taxonomy":"category","embeddable":true,"href":"https:\/\/konkurs-komorow.sarp.warszawa.pl\/index.php\/wp-json\/wp\/v2\/categories?post=91"},{"taxonomy":"post_tag","embeddable":true,"href":"https:\/\/konkurs-komorow.sarp.warszawa.pl\/index.php\/wp-json\/wp\/v2\/tags?post=91"}],"curies":[{"name":"wp","href":"https:\/\/api.w.org\/{rel}","templated":true}]}}